{"id":9221,"date":"2021-08-23T14:12:23","date_gmt":"2021-08-23T11:12:23","guid":{"rendered":"http:\/\/basta2.com\/?p=9221"},"modified":"2021-08-23T14:12:23","modified_gmt":"2021-08-23T11:12:23","slug":"abs-in-erm%c9%99nistandaki-s%c9%99firi-qarabag-munaqis%c9%99sinin-h%c9%99ll-olunmadigini-deyir","status":"publish","type":"post","link":"https:\/\/basta2.com\/?p=9221","title":{"rendered":"AB\u015e-\u0131n Erm\u0259nistandak\u0131 s\u0259firi Qaraba\u011f m\u00fcnaqi\u015f\u0259sinin &#8220;h\u0259ll olunmad\u0131\u011f\u0131n\u0131&#8221; deyir"},"content":{"rendered":"<p>AB\u015e-\u0131n Erm\u0259nistandak\u0131 s\u0259firi Lynne Tracy hesab edir ki, 2-ci Qaraba\u011f m\u00fcharib\u0259sinin n\u0259tic\u0259l\u0259ri &#8220;aradan qald\u0131r\u0131lmay\u0131b&#8221;, m\u00fcnaqi\u015f\u0259 is\u0259 &#8220;h\u0259ll edilm\u0259yib&#8221;, \u00e7\u00fcnki &#8220;Da\u011fl\u0131q Qaraba\u011f\u0131n statusu m\u00fc\u0259yy\u0259nl\u0259\u015fdirilm\u0259yib&#8221;.<\/p>\n<p>&#8220;Biz Minsk qrupunun h\u0259ms\u0259dri olaraq bu m\u00f6vqel\u0259rd\u0259n v\u0259ziyy\u0259tin g\u0259rginl\u0259\u015fm\u0259sini azaltma\u011fa, qar\u015f\u0131durmalar\u0131 aradan qald\u0131rma\u011fa \u00e7al\u0131\u015faca\u011f\u0131q ki, qalan m\u0259s\u0259l\u0259l\u0259r, m\u00fcharib\u0259d\u0259n sonrak\u0131 v\u0259ziyy\u0259t v\u0259 qalan v\u0259zif\u0259l\u0259rin son h\u0259llin\u0259 baxmaq m\u00fcmk\u00fcn olsun&#8221;, &#8211; Erm\u0259nistan\u0131n &#8220;Armenpress&#8221; r\u0259smi sayt\u0131 S\u00fcnik b\u00f6lg\u0259sind\u0259 jurnalistl\u0259r\u0259 a\u00e7\u0131qlama ver\u0259n Lynne Tracy-y\u0259 istinad\u0259n yaz\u0131r.<\/p>\n<p>&nbsp;<\/p>\n<p>S\u0259fir Az\u0259rbaycan-Erm\u0259nistan s\u0259rh\u0259dind\u0259ki hadis\u0259l\u0259rl\u0259 ba\u011fl\u0131 deyib ki, o, &#8220;\u015fidd\u0259t\u0259 m\u00fcmk\u00fcn q\u0259d\u0259r tez son qoymaq \u00fc\u00e7\u00fcn&#8221; g\u0259rginliyin &#8220;aradan qald\u0131r\u0131lmas\u0131na&#8221; \u00e7a\u011f\u0131r\u0131r.<\/p>\n<p>&nbsp;<\/p>\n<p>Az\u0259rbaycan\u0131n AB\u015e-\u0131n Erm\u0259nistandak\u0131 s\u0259firliyinin \u015f\u0259rhin\u0259 reaksiyas\u0131 h\u0259l\u0259 ki, b\u0259lli deyil.<\/p>\n<p>&nbsp;<\/p>\n<p>AB\u015e D\u00f6vl\u0259t Departamenti bu ilin iyul ay\u0131nda Erm\u0259nistan\u0131 v\u0259 Az\u0259rbaycan\u0131 &#8220;AT\u018fT-in Minsk qrupu h\u0259ms\u0259drl\u0259rinin himay\u0259si alt\u0131nda&#8221; dan\u0131\u015f\u0131qlara ba\u015flama\u011fa s\u0259sl\u0259yib.<\/p>\n<p>&nbsp;<\/p>\n<p>Az\u0259rbaycan \u00fc\u00e7\u00fcn, Prezident \u018fliyevin dediyin\u0259 g\u00f6r\u0259, &#8220;Qaraba\u011f\u0131n statusu&#8221; m\u0259s\u0259l\u0259si m\u00f6vcud deyil, Erm\u0259nistan\u0131n siyasi r\u0259hb\u0259rliyi is\u0259 Da\u011fl\u0131q Qaraba\u011f\u0131n statusu m\u0259s\u0259l\u0259sind\u0259 israr ed\u0259c\u0259yini deyir.<\/p>\n<p>&nbsp;<\/p>\n<p>Az\u0259rbaycan Erm\u0259nistanla s\u00fclh dan\u0131\u015f\u0131qlar\u0131nda AT\u018fT-in Minsk Qrupunun i\u015ftirak\u0131 il\u0259 ba\u011fl\u0131 \u00e7a\u011f\u0131r\u0131\u015flara birba\u015fa imtina cavab\u0131 verm\u0259yib.<\/p>\n<p>&nbsp;<\/p>\n<p>Amma 2020-ci ilin pay\u0131z\u0131nda ba\u015f vermi\u015f v\u0259 44 g\u00fcn davam etmi\u015f m\u00fcharib\u0259 m\u00fcdd\u0259tind\u0259 v\u0259 ondan sonra da Az\u0259rbaycan r\u0259hb\u0259rliyi Minsk qrupunun f\u0259aliyy\u0259tini t\u0259nqid edib.<\/p>\n<p>&nbsp;<\/p>\n<p>Prezident \u0130lham \u018fliyev \u00f6t\u0259n ilin dekabr\u0131nda \u00f6lk\u0259y\u0259 g\u0259lmi\u015f AT\u018fT-in Minsk qrupunun h\u0259ms\u0259drl\u0259rini v\u0259 AT\u018fT-in f\u0259aliyy\u0259td\u0259 olan s\u0259drinin \u015f\u0259xsi n\u00fcmay\u0259nd\u0259si Anji Kasp\u015fiki q\u0259bul ed\u0259rk\u0259n onlara demi\u015fdi ki, Minsk qrupu m\u00fcnaqi\u015f\u0259nin h\u0259llind\u0259 he\u00e7 bir rol oynamay\u0131b v\u0259 Erm\u0259nistan\u0131 Az\u0259rbaycan \u0259razil\u0259rind\u0259n \u00e7\u0131xma\u011fa vadar ed\u0259 bilm\u0259yib.<\/p>\n<p>&nbsp;<\/p>\n<p>Az\u0259rbaycan Xarici \u0130\u015fl\u0259r Nazirliyinin son b\u0259yanatlar\u0131ndan birind\u0259 is\u0259 vur\u011fulan\u0131b ki, AT\u018fT-in Minks qrupu \u00fc\u00e7t\u0259r\u0259fli b\u0259yanatlar\u0131n icras\u0131n\u0131 d\u0259st\u0259kl\u0259m\u0259kl\u0259 b\u00f6lg\u0259d\u0259 s\u00fclh v\u0259 inki\u015faf\u0131n t\u0259min olunmas\u0131na t\u00f6hf\u0259 ver\u0259 bil\u0259r.<\/p>\n<p>&nbsp;<\/p>\n<p>&nbsp;<\/p>\n<p>BBC<\/p>\n","protected":false},"excerpt":{"rendered":"<p>AB\u015e-\u0131n Erm\u0259nistandak\u0131 s\u0259firi Lynne Tracy hesab edir ki, 2-ci Qaraba\u011f m\u00fcharib\u0259sinin n\u0259tic\u0259l\u0259ri &#8220;aradan qald\u0131r\u0131lmay\u0131b&#8221;, m\u00fcnaqi\u015f\u0259 is\u0259 &#8220;h\u0259ll edilm\u0259yib&#8221;, \u00e7\u00fcnki &#8220;Da\u011fl\u0131q<\/p>\n","protected":false},"author":1,"featured_media":9222,"comment_status":"closed","ping_status":"closed","sticky":false,"template":"","format":"standard","meta":{"_jetpack_memberships_contains_paid_content":false,"footnotes":""},"categories":[29,36],"tags":[],"class_list":["post-9221","post","type-post","status-publish","format-standard","has-post-thumbnail","hentry","category-manset","category-siyast"],"aioseo_notices":[],"jetpack_featured_media_url":"https:\/\/basta2.com\/wp-content\/uploads\/2021\/08\/120208897_a5b2f09d-b35e-41cf-814e-4745fe1fbc49.jpg","jetpack_sharing_enabled":true,"_links":{"self":[{"href":"https:\/\/basta2.com\/index.php?rest_route=\/wp\/v2\/posts\/9221","targetHints":{"allow":["GET"]}}],"collection":[{"href":"https:\/\/basta2.com\/index.php?rest_route=\/wp\/v2\/posts"}],"about":[{"href":"https:\/\/basta2.com\/index.php?rest_route=\/wp\/v2\/types\/post"}],"author":[{"embeddable":true,"href":"https:\/\/basta2.com\/index.php?rest_route=\/wp\/v2\/users\/1"}],"replies":[{"embeddable":true,"href":"https:\/\/basta2.com\/index.php?rest_route=%2Fwp%2Fv2%2Fcomments&post=9221"}],"version-history":[{"count":1,"href":"https:\/\/basta2.com\/index.php?rest_route=\/wp\/v2\/posts\/9221\/revisions"}],"predecessor-version":[{"id":9223,"href":"https:\/\/basta2.com\/index.php?rest_route=\/wp\/v2\/posts\/9221\/revisions\/9223"}],"wp:featuredmedia":[{"embeddable":true,"href":"https:\/\/basta2.com\/index.php?rest_route=\/wp\/v2\/media\/9222"}],"wp:attachment":[{"href":"https:\/\/basta2.com\/index.php?rest_route=%2Fwp%2Fv2%2Fmedia&parent=9221"}],"wp:term":[{"taxonomy":"category","embeddable":true,"href":"https:\/\/basta2.com\/index.php?rest_route=%2Fwp%2Fv2%2Fcategories&post=9221"},{"taxonomy":"post_tag","embeddable":true,"href":"https:\/\/basta2.com\/index.php?rest_route=%2Fwp%2Fv2%2Ftags&post=9221"}],"curies":[{"name":"wp","href":"https:\/\/api.w.org\/{rel}","templated":true}]}}