{"id":9591,"date":"2021-09-14T11:13:09","date_gmt":"2021-09-14T08:13:09","guid":{"rendered":"http:\/\/basta2.com\/?p=9591"},"modified":"2021-09-14T11:16:16","modified_gmt":"2021-09-14T08:16:16","slug":"iranin-az%c9%99rbaycandaki-s%c9%99firi-hikm%c9%99t-haciyevl%c9%99-sonuncu-hadis%c9%99l%c9%99r-bar%c9%99d%c9%99-muzakir%c9%99l%c9%99r-apardigini-deyir","status":"publish","type":"post","link":"https:\/\/basta2.com\/?p=9591","title":{"rendered":"\u0130ran\u0131n Az\u0259rbaycandak\u0131 s\u0259firi Hikm\u0259t Hac\u0131yevl\u0259 &#8220;sonuncu hadis\u0259l\u0259r bar\u0259d\u0259 m\u00fczakir\u0259l\u0259r apard\u0131\u011f\u0131n\u0131&#8221; deyir"},"content":{"rendered":"<div class=\"bbc-19j92fr e57qer20\" dir=\"ltr\">\n<p class=\"bbc-ph03xj e1cc2ql70\" dir=\"ltr\"><b>Az\u0259rbaycan Prezidentinin k\u00f6m\u0259k\u00e7isi Hikm\u0259t Hac\u0131yev \u0130ran\u0131n Az\u0259rbaycandak\u0131 s\u0259firi Seyid Abbas Mus\u0259vi il\u0259 g\u00f6r\u00fc\u015f\u00fcb.<\/b><\/p>\n<p dir=\"ltr\"><span style=\"color: #ffffff;\">.<\/span><\/p>\n<\/div>\n<div class=\"bbc-19j92fr e57qer20\" dir=\"ltr\">\n<p class=\"bbc-ph03xj e1cc2ql70\" dir=\"ltr\">Hikm\u0259t Hac\u0131yev bazar ert\u0259si ke\u00e7iril\u0259n g\u00f6r\u00fc\u015fd\u0259 h\u0259r iki t\u0259r\u0259fin g\u00fcnd\u0259liyind\u0259 olan m\u0259s\u0259l\u0259l\u0259r \u00fczr\u0259 &#8220;s\u0259m\u0259r\u0259li m\u00fczakir\u0259l\u0259r&#8221; apar\u0131ld\u0131\u011f\u0131n\u0131 v\u0259 g\u0259l\u0259c\u0259y\u0259 do\u011fru yollar\u0131n &#8220;n\u0259z\u0259rd\u0259n ke\u00e7irildiyini&#8221; bildirib.<\/p>\n<p dir=\"ltr\"><span style=\"color: #ffffff;\">.<\/span><\/p>\n<\/div>\n<div class=\"bbc-19j92fr e57qer20\" dir=\"ltr\">\n<p class=\"bbc-ph03xj e1cc2ql70\" dir=\"ltr\">&#8220;Az\u0259rbaycan Respublikas\u0131 Prezidentinin k\u00f6m\u0259k\u00e7isi Hikm\u0259t Hac\u0131yevl\u0259 g\u00f6r\u00fc\u015fd\u0259n m\u0259mnunam. \u0130kit\u0259r\u0259fli \u0259laq\u0259l\u0259rimizd\u0259 sonuncu hadis\u0259l\u0259ri v\u0259 v\u0259 ortaq narahatl\u0131qlar\u0131 v\u0259 maraq do\u011furan m\u0259s\u0259l\u0259l\u0259ri m\u00fczakir\u0259 etdik,&#8221; &#8211; c\u0259nab Mus\u0259vi Twitter hesab\u0131ndan yaz\u0131b.<\/p>\n<p dir=\"ltr\"><span style=\"color: #ffffff;\">.<\/span><\/p>\n<\/div>\n<blockquote class=\"twitter-tweet\">\n<p dir=\"ltr\" lang=\"en\">Pleased to meet with H.E. <a href=\"https:\/\/twitter.com\/HikmetHajiyev?ref_src=twsrc%5Etfw\">@HikmetHajiyev<\/a> Assistant to the President of the Republic of Azerbaijan. We discussed the latest developments of our bilateral ties &amp; issues of common concern and interest.<a href=\"https:\/\/twitter.com\/hashtag\/NeighborsFirst?src=hash&amp;ref_src=twsrc%5Etfw\">#NeighborsFirst<\/a> <a href=\"https:\/\/t.co\/IyS6wGqaSy\">pic.twitter.com\/IyS6wGqaSy<\/a><\/p>\n<p>\u2014 S.A. MOUSAVI (@SAMOUSAVI9) <a href=\"https:\/\/twitter.com\/SAMOUSAVI9\/status\/1437487236375851012?ref_src=twsrc%5Etfw\">September 13, 2021<\/a><\/p><\/blockquote>\n<p><script async src=\"https:\/\/platform.twitter.com\/widgets.js\" charset=\"utf-8\"><\/script><\/p>\n<div class=\"bbc-19j92fr e57qer20\" dir=\"ltr\">\n<div class=\"bbc-16yn7v2 e1rm9fh20\" data-e2e=\"twitter-embed-https:\/\/twitter.com\/SAMOUSAVI9\/status\/1437487236375851012?s=20\">\n<div class=\"lazyload-wrapper \">\n<div class=\"css-bjn8wh ewhrggl2\">\n<div class=\"css-899sir e181078e0\">\n<div class=\"twitter-tweet twitter-tweet-rendered\"><\/div>\n<div><\/div>\n<\/div>\n<p id=\"end-of-twitter-content-1\" class=\"css-1gnhmg2 ewhrggl0\" tabindex=\"-1\"><span style=\"color: #ffffff;\">.<\/span><\/p>\n<\/div>\n<\/div>\n<\/div>\n<\/div>\n<div class=\"bbc-19j92fr e57qer20\" dir=\"ltr\">\n<p class=\"bbc-ph03xj e1cc2ql70\" dir=\"ltr\">Bundan \u0259vv\u0259l Az\u0259rbaycanla Erm\u0259nistan s\u0259rh\u0259dind\u0259, Qoris-Qafan yolunda Az\u0259rbaycan\u0131n \u0130ran n\u00f6mr\u0259li n\u0259qliyyat vasit\u0259l\u0259rin\u0259 g\u00f6mr\u00fck r\u00fcsumu t\u0259tbiq etdiyi bildirilirdi.<\/p>\n<p dir=\"ltr\">\n<\/div>\n<div class=\"bbc-19j92fr e57qer20\" dir=\"ltr\">\n<p class=\"bbc-ph03xj e1cc2ql70\" dir=\"ltr\">Erm\u0259nistan Milli T\u0259hl\u00fck\u0259sizlik Xidm\u0259ti bildirmi\u015fdi ki, Az\u0259rbaycan polisi sentyabr\u0131n 12-d\u0259n Qoris-Qafan yolunun Az\u0259rbaycan\u0131n n\u0259zar\u0259ti alt\u0131nda olan Eyvazl\u0131 ya\u015fay\u0131\u015f m\u0259nt\u0259q\u0259sind\u0259 \u0130ran d\u00f6vl\u0259t n\u00f6mr\u0259li n\u0259qliyyat vasit\u0259l\u0259rinin s\u00fcr\u00fcc\u00fcl\u0259rinin v\u0259 y\u00fckl\u0259rinin s\u0259n\u0259dl\u0259rini yoxlama\u011fa ba\u015flay\u0131b.<\/p>\n<p dir=\"ltr\">\n<\/div>\n<div class=\"bbc-19j92fr e57qer20\" dir=\"ltr\">\n<p class=\"bbc-ph03xj e1cc2ql70\" dir=\"ltr\">Az\u0259rbaycan Daxili \u0130\u015fl\u0259r Nazirliyinin s\u00f6z\u00e7\u00fcs\u00fc El\u015fad Hac\u0131yev BBC News Az\u0259rbaycancaya\u00a0<a class=\"bbc-n8oauk e1cs6q200\" href=\"https:\/\/www.bbc.com\/azeri\/international-58518662\">yoxlamalar\u0131n apar\u0131ld\u0131\u011f\u0131n\u0131 t\u0259sdiql\u0259yib.<\/a><\/p>\n<p dir=\"ltr\">\n<\/div>\n<div class=\"bbc-19j92fr e57qer20\" dir=\"ltr\">\n<p class=\"bbc-ph03xj e1cc2ql70\" dir=\"ltr\">O deyib ki, s\u00f6z\u00fcged\u0259n yer Az\u0259rbaycan\u0131n \u0259razisidir v\u0259 orada h\u0259r\u0259k\u0259t ed\u0259n avtomobill\u0259r &#8220;m\u00fcvafiq qaydada yoxlan\u0131la bil\u0259r&#8221;.<\/p>\n<p dir=\"ltr\">\n<\/div>\n<div class=\"e1gggypo0 bbc-oa9drk e57qer20\" dir=\"ltr\">\n<ul class=\"bbc-1uk1heq e1drcs2w1\" dir=\"ltr\" role=\"list\">\n<li class=\"bbc-acwcvw e1drcs2w0\" role=\"listitem\"><\/li>\n<\/ul>\n<\/div>\n<div class=\"bbc-19j92fr e57qer20\" dir=\"ltr\">\n<p class=\"bbc-ph03xj e1cc2ql70\" dir=\"ltr\">D\u00f6vl\u0259t G\u00f6mr\u00fck Komit\u0259sinin bazar ert\u0259si yayd\u0131\u011f\u0131 a\u00e7\u0131qlamada bildirilir ki, Az\u0259rbaycan \u0259razisin\u0259 daxil olan v\u0259 Az\u0259rbaycan \u0259razisini t\u0259rk ed\u0259n zaman xarici d\u00f6vl\u0259tl\u0259rin avton\u0259qliyyat vasit\u0259l\u0259ri &#8220;yol vergisinin vergitutma obyektidir&#8221; v\u0259 haz\u0131rda g\u00f6mr\u00fck orqanlar\u0131 t\u0259r\u0259find\u0259n qanunvericilikd\u0259 bu istiqam\u0259td\u0259 n\u0259z\u0259rd\u0259 tutulan m\u00fcdd\u0259alar\u0131n yerin\u0259 yetirilm\u0259si &#8220;b\u00fct\u00fcn \u00f6lk\u0259 \u0259razisi \u00fczr\u0259 t\u0259min olunur&#8221;.<\/p>\n<p dir=\"ltr\">\n<\/div>\n<div class=\"bbc-19j92fr e57qer20\" dir=\"ltr\">\n<p class=\"bbc-ph03xj e1cc2ql70\" dir=\"ltr\">Bazar g\u00fcn\u00fc Az\u0259rbaycan M\u00fcdafi\u0259 Nazirliyi Rusiya M\u00fcdafi\u0259 Nazirliyin\u0259 g\u00f6nd\u0259rdiyi m\u0259ktubda xarici \u00f6lk\u0259 n\u0259qliyyat vasit\u0259l\u0259rinin Az\u0259rbaycana raz\u0131l\u0131qs\u0131z daxil olmas\u0131na &#8220;Bak\u0131n\u0131n icaz\u0259 verm\u0259diyini&#8221; xat\u0131rlad\u0131l\u0131b.<\/p>\n<p dir=\"ltr\"><span style=\"color: #ffffff;\">.<\/span><\/p>\n<\/div>\n<div class=\"bbc-19j92fr e57qer20\" dir=\"ltr\">\n<p class=\"bbc-ph03xj e1cc2ql70\" dir=\"ltr\">Az\u0259rbaycan MN bildirib ki, bu kimi hallar &#8220;\u00fc\u00e7t\u0259r\u0259fli b\u0259yanata zidd&#8221; v\u0259 Az\u0259rbaycan qanunlar\u0131n\u0131n &#8220;pozulmas\u0131d\u0131r&#8221;.<\/p>\n<p dir=\"ltr\"><span style=\"color: #ffffff;\">.<\/span><\/p>\n<\/div>\n<p dir=\"ltr\">BBC<\/p>\n","protected":false},"excerpt":{"rendered":"<p>Az\u0259rbaycan Prezidentinin k\u00f6m\u0259k\u00e7isi Hikm\u0259t Hac\u0131yev \u0130ran\u0131n Az\u0259rbaycandak\u0131 s\u0259firi Seyid Abbas Mus\u0259vi il\u0259 g\u00f6r\u00fc\u015f\u00fcb. . Hikm\u0259t Hac\u0131yev bazar ert\u0259si ke\u00e7iril\u0259n g\u00f6r\u00fc\u015fd\u0259<\/p>\n","protected":false},"author":1,"featured_media":9592,"comment_status":"closed","ping_status":"closed","sticky":false,"template":"","format":"standard","meta":{"_jetpack_memberships_contains_paid_content":false,"footnotes":""},"categories":[29,36],"tags":[],"class_list":["post-9591","post","type-post","status-publish","format-standard","has-post-thumbnail","hentry","category-manset","category-siyast"],"aioseo_notices":[],"jetpack_featured_media_url":"https:\/\/basta2.com\/wp-content\/uploads\/2021\/09\/091400038258.jpg","jetpack_sharing_enabled":true,"_links":{"self":[{"href":"https:\/\/basta2.com\/index.php?rest_route=\/wp\/v2\/posts\/9591","targetHints":{"allow":["GET"]}}],"collection":[{"href":"https:\/\/basta2.com\/index.php?rest_route=\/wp\/v2\/posts"}],"about":[{"href":"https:\/\/basta2.com\/index.php?rest_route=\/wp\/v2\/types\/post"}],"author":[{"embeddable":true,"href":"https:\/\/basta2.com\/index.php?rest_route=\/wp\/v2\/users\/1"}],"replies":[{"embeddable":true,"href":"https:\/\/basta2.com\/index.php?rest_route=%2Fwp%2Fv2%2Fcomments&post=9591"}],"version-history":[{"count":2,"href":"https:\/\/basta2.com\/index.php?rest_route=\/wp\/v2\/posts\/9591\/revisions"}],"predecessor-version":[{"id":9594,"href":"https:\/\/basta2.com\/index.php?rest_route=\/wp\/v2\/posts\/9591\/revisions\/9594"}],"wp:featuredmedia":[{"embeddable":true,"href":"https:\/\/basta2.com\/index.php?rest_route=\/wp\/v2\/media\/9592"}],"wp:attachment":[{"href":"https:\/\/basta2.com\/index.php?rest_route=%2Fwp%2Fv2%2Fmedia&parent=9591"}],"wp:term":[{"taxonomy":"category","embeddable":true,"href":"https:\/\/basta2.com\/index.php?rest_route=%2Fwp%2Fv2%2Fcategories&post=9591"},{"taxonomy":"post_tag","embeddable":true,"href":"https:\/\/basta2.com\/index.php?rest_route=%2Fwp%2Fv2%2Ftags&post=9591"}],"curies":[{"name":"wp","href":"https:\/\/api.w.org\/{rel}","templated":true}]}}