{"id":9595,"date":"2021-09-14T13:43:57","date_gmt":"2021-09-14T10:43:57","guid":{"rendered":"http:\/\/basta2.com\/?p=9595"},"modified":"2021-09-14T13:43:57","modified_gmt":"2021-09-14T10:43:57","slug":"eyvazli-postunda-az%c9%99rbaycanli-h%c9%99rbcil%c9%99r-iran-avtobuslarini-da-yoxlamaga-baslayiblar","status":"publish","type":"post","link":"https:\/\/basta2.com\/?p=9595","title":{"rendered":"Eyvazl\u0131 postunda az\u0259rbaycanl\u0131 h\u0259rb\u00e7il\u0259r \u0130ran avtobuslar\u0131n\u0131 da yoxlama\u011fa ba\u015flay\u0131blar"},"content":{"rendered":"<p>Qorus-Qafan d\u00f6vl\u0259tl\u0259raras\u0131 yolda yerl\u0259\u015fdirilmi\u015f Az\u0259rbaycan polisl\u0259ri v\u0259 s\u0259rh\u0259d\u00e7il\u0259r bu g\u00fcnd\u0259n n\u0259inki \u0130ran\u0131n y\u00fck ma\u015f\u0131nlar\u0131n\u0131, h\u0259m d\u0259 avtobuslar\u0131 yoxlama\u011fa ba\u015flay\u0131blar. Erm\u0259nistan k\u00fctl\u0259vi informasiya vasit\u0259l\u0259ri Gorus \u015f\u0259h\u0259r merinin m\u00fcavini Karo K\u00f6\u00e7\u0259ryana istinad\u0259n m\u0259lumat yay\u0131blar.\u00a0 Onun s\u00f6zl\u0259rin\u0259 g\u00f6r\u0259, \u0130ran s\u00fcr\u00fcc\u00fcl\u0259ri \u00e7ox naraz\u0131d\u0131rlar, \u00e7\u00fcnki vaxt v\u0259 pul s\u0259rf edirl\u0259r, \u0259s\u0259bil\u0259\u015firl\u0259r.<\/p>\n<p>&nbsp;<\/p>\n<p>O h\u0259m\u00e7inin qeyd edib ki, Az\u0259rbaycan Silahl\u0131 Q\u00fcvv\u0259l\u0259ri polis postunun \u0259traf\u0131nda xeyli q\u00fcvv\u0259 c\u0259ml\u0259\u015fdirib.<\/p>\n<p>&nbsp;<\/p>\n<p>&#8220;Az\u0259rbaycanl\u0131lar erm\u0259ni ma\u015f\u0131nlar\u0131n\u0131 dayand\u0131rmasalar da, bizim dayanma\u011f\u0131m\u0131za icaz\u0259 vermirl\u0259r. Sad\u0259c\u0259, bizi burax\u0131rlar v\u0259 \u0130ran n\u00f6mr\u0259si olan ma\u015f\u0131nlar\u0131 yoxlama\u011fa ba\u015flay\u0131rlar&#8221;, &#8211; K\u00f6\u00e7\u0259ryan deyib&#8230;<\/p>\n<p>&nbsp;<\/p>\n<p>Xat\u0131rladaq ki, s\u00f6z\u00fcged\u0259n mar\u015frutun 20 kilometrd\u0259n \u00e7ox hiss\u0259si Az\u0259rbaycan \u0259razisind\u0259n (Qubadl\u0131 rayonunun Eyvazl\u0131 k\u0259ndi) ke\u00e7ir. Az\u0259rbaycan s\u0259rh\u0259d\u00e7il\u0259ri v\u0259 polis m\u0259hz bu sah\u0259d\u0259 dayan\u0131r.<\/p>\n<p>&nbsp;<\/p>\n<p>\u0130ran\u0131n \u00e7oxsayl\u0131 y\u00fck ma\u015f\u0131nlar\u0131 qanunsuz olaraq Qaraba\u011fa getdikd\u0259n sonra n\u0259qliyyat yoxlamalar\u0131 ba\u015flan\u0131b. Onlar\u0131n \u0130randan mar\u015frutu Qori-Qafan yolu il\u0259 d\u0259 ke\u00e7ir.<\/p>\n<p>&nbsp;<\/p>\n<p>Sentyabr\u0131n 12-d\u0259n Az\u0259rbaycan h\u0259rb\u00e7il\u0259ri \u00f6lk\u0259 \u0259razisil\u0259 gedi\u015f\u0259 g\u00f6r\u0259 \u0130ran avtomobill\u0259rind\u0259n d\u00f6vl\u0259t r\u00fcsumu alma\u011fa ba\u015flay\u0131blar.<\/p>\n<p>&nbsp;<\/p>\n<p>&nbsp;<\/p>\n","protected":false},"excerpt":{"rendered":"<p>Qorus-Qafan d\u00f6vl\u0259tl\u0259raras\u0131 yolda yerl\u0259\u015fdirilmi\u015f Az\u0259rbaycan polisl\u0259ri v\u0259 s\u0259rh\u0259d\u00e7il\u0259r bu g\u00fcnd\u0259n n\u0259inki \u0130ran\u0131n y\u00fck ma\u015f\u0131nlar\u0131n\u0131, h\u0259m d\u0259 avtobuslar\u0131 yoxlama\u011fa ba\u015flay\u0131blar. Erm\u0259nistan<\/p>\n","protected":false},"author":1,"featured_media":9596,"comment_status":"closed","ping_status":"closed","sticky":false,"template":"","format":"standard","meta":{"_jetpack_memberships_contains_paid_content":false,"footnotes":""},"categories":[30,29],"tags":[],"class_list":["post-9595","post","type-post","status-publish","format-standard","has-post-thumbnail","hentry","category-gundm","category-manset"],"aioseo_notices":[],"jetpack_featured_media_url":"https:\/\/basta2.com\/wp-content\/uploads\/2021\/09\/eyvazli-postu.jpg","jetpack_sharing_enabled":true,"_links":{"self":[{"href":"https:\/\/basta2.com\/index.php?rest_route=\/wp\/v2\/posts\/9595","targetHints":{"allow":["GET"]}}],"collection":[{"href":"https:\/\/basta2.com\/index.php?rest_route=\/wp\/v2\/posts"}],"about":[{"href":"https:\/\/basta2.com\/index.php?rest_route=\/wp\/v2\/types\/post"}],"author":[{"embeddable":true,"href":"https:\/\/basta2.com\/index.php?rest_route=\/wp\/v2\/users\/1"}],"replies":[{"embeddable":true,"href":"https:\/\/basta2.com\/index.php?rest_route=%2Fwp%2Fv2%2Fcomments&post=9595"}],"version-history":[{"count":1,"href":"https:\/\/basta2.com\/index.php?rest_route=\/wp\/v2\/posts\/9595\/revisions"}],"predecessor-version":[{"id":9597,"href":"https:\/\/basta2.com\/index.php?rest_route=\/wp\/v2\/posts\/9595\/revisions\/9597"}],"wp:featuredmedia":[{"embeddable":true,"href":"https:\/\/basta2.com\/index.php?rest_route=\/wp\/v2\/media\/9596"}],"wp:attachment":[{"href":"https:\/\/basta2.com\/index.php?rest_route=%2Fwp%2Fv2%2Fmedia&parent=9595"}],"wp:term":[{"taxonomy":"category","embeddable":true,"href":"https:\/\/basta2.com\/index.php?rest_route=%2Fwp%2Fv2%2Fcategories&post=9595"},{"taxonomy":"post_tag","embeddable":true,"href":"https:\/\/basta2.com\/index.php?rest_route=%2Fwp%2Fv2%2Ftags&post=9595"}],"curies":[{"name":"wp","href":"https:\/\/api.w.org\/{rel}","templated":true}]}}