{"id":9615,"date":"2021-09-15T09:31:20","date_gmt":"2021-09-15T06:31:20","guid":{"rendered":"http:\/\/basta2.com\/?p=9615"},"modified":"2021-09-15T09:31:20","modified_gmt":"2021-09-15T06:31:20","slug":"naxcivanda-m%c9%99kt%c9%99bl%c9%99r-acilib","status":"publish","type":"post","link":"https:\/\/basta2.com\/?p=9615","title":{"rendered":"Nax\u00e7\u0131vanda m\u0259kt\u0259bl\u0259r a\u00e7\u0131l\u0131b"},"content":{"rendered":"<p>Bu g\u00fcnd\u0259n Nax\u00e7\u0131van Muxtar Respublikas\u0131nda m\u0259kt\u0259bl\u0259rin b\u00fct\u00fcn sinifl\u0259ri \u00fczr\u0259 t\u0259dris\u0259 ba\u015flan\u0131l\u0131b.<\/p>\n<p>Sentyabr\u0131n 15-d\u0259 muxtar respublikan\u0131n \u00fcmumt\u0259hsil m\u00fc\u0259ssis\u0259l\u0259rind\u0259 \u0259n\u0259n\u0259vi d\u0259rsl\u0259r\u0259 start verilib.<\/p>\n<p>&nbsp;<\/p>\n<p>M\u0259kt\u0259bl\u0259rin a\u00e7\u0131lmas\u0131 il\u0259 ba\u011fl\u0131 q\u0259rar Nax\u00e7\u0131van MR-d\u0259 yoluxma say\u0131n\u0131n az v\u0259 epidemioloji v\u0259ziyy\u0259tin sabit olmas\u0131na \u0259sas\u0259n q\u0259bul edilib.<\/p>\n<p>&nbsp;<\/p>\n<p>\u018fvv\u0259lki d\u00f6vrd\u0259n f\u0259rqli olaraq bu il \u00fc\u00e7\u00fcn m\u0259kt\u0259bl\u0259rd\u0259 t\u0259dris ikin\u00f6vb\u0259li h\u0259yata ke\u00e7iril\u0259c\u0259k. Buna s\u0259b\u0259b pandemiya \u015f\u0259raiti il\u0259 \u0259laq\u0259dar \u015fagirdl\u0259rin parta arxas\u0131nda t\u0259k oturdulmas\u0131d\u0131r.<\/p>\n<p>&nbsp;<\/p>\n<p>Qeyd ed\u0259k ki, bu g\u00fcn &#8211; sentyabr\u0131n 15-i Az\u0259rbaycanda Bilik G\u00fcn\u00fcd\u00fcr. Pandemiya \u015f\u0259raiti il\u0259 \u0259laq\u0259dar 2021\/2022-ci t\u0259dris ilinin ba\u015flama tarixi d\u0259yi\u015fdirilib. \u00d6lk\u0259d\u0259 a\u015fa\u011f\u0131 sinifl\u0259r \u00fc\u00e7\u00fcn d\u0259rsl\u0259r sentyabr\u0131n 22-d\u0259, ali t\u0259hsil v\u0259 orta ixtisas t\u0259hsil m\u00fc\u0259ssis\u0259l\u0259rind\u0259 is\u0259 sentyabr\u0131n 29-da ba\u015flayacaq.<\/p>\n<p>&nbsp;<\/p>\n<p>Buna baxmayaraq, Bilik G\u00fcn\u00fc \u0259n\u0259n\u0259vi qaydada sentyabr\u0131n 15-d\u0259 qeyd olunur.<\/p>\n<p>&nbsp;<\/p>\n<p>Report.az<\/p>\n","protected":false},"excerpt":{"rendered":"<p>Bu g\u00fcnd\u0259n Nax\u00e7\u0131van Muxtar Respublikas\u0131nda m\u0259kt\u0259bl\u0259rin b\u00fct\u00fcn sinifl\u0259ri \u00fczr\u0259 t\u0259dris\u0259 ba\u015flan\u0131l\u0131b. Sentyabr\u0131n 15-d\u0259 muxtar respublikan\u0131n \u00fcmumt\u0259hsil m\u00fc\u0259ssis\u0259l\u0259rind\u0259 \u0259n\u0259n\u0259vi d\u0259rsl\u0259r\u0259 start<\/p>\n","protected":false},"author":1,"featured_media":9616,"comment_status":"closed","ping_status":"closed","sticky":false,"template":"","format":"standard","meta":{"_jetpack_memberships_contains_paid_content":false,"footnotes":""},"categories":[29,35],"tags":[],"class_list":["post-9615","post","type-post","status-publish","format-standard","has-post-thumbnail","hentry","category-manset","category-olk"],"aioseo_notices":[],"jetpack_featured_media_url":"https:\/\/basta2.com\/wp-content\/uploads\/2021\/09\/naxcivanda-mektebler-acilib-0-1631684429.jpg","jetpack_sharing_enabled":true,"_links":{"self":[{"href":"https:\/\/basta2.com\/index.php?rest_route=\/wp\/v2\/posts\/9615","targetHints":{"allow":["GET"]}}],"collection":[{"href":"https:\/\/basta2.com\/index.php?rest_route=\/wp\/v2\/posts"}],"about":[{"href":"https:\/\/basta2.com\/index.php?rest_route=\/wp\/v2\/types\/post"}],"author":[{"embeddable":true,"href":"https:\/\/basta2.com\/index.php?rest_route=\/wp\/v2\/users\/1"}],"replies":[{"embeddable":true,"href":"https:\/\/basta2.com\/index.php?rest_route=%2Fwp%2Fv2%2Fcomments&post=9615"}],"version-history":[{"count":1,"href":"https:\/\/basta2.com\/index.php?rest_route=\/wp\/v2\/posts\/9615\/revisions"}],"predecessor-version":[{"id":9617,"href":"https:\/\/basta2.com\/index.php?rest_route=\/wp\/v2\/posts\/9615\/revisions\/9617"}],"wp:featuredmedia":[{"embeddable":true,"href":"https:\/\/basta2.com\/index.php?rest_route=\/wp\/v2\/media\/9616"}],"wp:attachment":[{"href":"https:\/\/basta2.com\/index.php?rest_route=%2Fwp%2Fv2%2Fmedia&parent=9615"}],"wp:term":[{"taxonomy":"category","embeddable":true,"href":"https:\/\/basta2.com\/index.php?rest_route=%2Fwp%2Fv2%2Fcategories&post=9615"},{"taxonomy":"post_tag","embeddable":true,"href":"https:\/\/basta2.com\/index.php?rest_route=%2Fwp%2Fv2%2Ftags&post=9615"}],"curies":[{"name":"wp","href":"https:\/\/api.w.org\/{rel}","templated":true}]}}