{"id":9689,"date":"2021-09-21T12:12:32","date_gmt":"2021-09-21T09:12:32","guid":{"rendered":"http:\/\/basta2.com\/?p=9689"},"modified":"2021-09-21T12:12:32","modified_gmt":"2021-09-21T09:12:32","slug":"iran-xank%c9%99ndiy%c9%99-qanunsuz-yukl%c9%99r-aparmaqdan-%c9%99l-c%c9%99km%c9%99y%c9%99c%c9%99k-s%c9%99rh","status":"publish","type":"post","link":"https:\/\/basta2.com\/?p=9689","title":{"rendered":"\u0130ran Xank\u0259ndiy\u0259 qanunsuz y\u00fckl\u0259r aparmaqdan \u0259l \u00e7\u0259km\u0259y\u0259c\u0259k &#8211; \u015e\u018fRH"},"content":{"rendered":"<p>\u201c\u0130ran Gorus b\u00f6lg\u0259sind\u0259 son d\u00f6vrl\u0259r Az\u0259rbaycan t\u0259r\u0259find\u0259n ba\u011flanan yola alternativ \u00e7\u0259kilm\u0259sini g\u00f6zl\u0259yir\u201d.<\/p>\n<p>&nbsp;<\/p>\n<p>\u201cAzad \u0130ran\u201d \u201cTelegram\u201d kanal\u0131 x\u0259b\u0259r verir ki, bu s\u00f6zl\u0259ri \u0130ran\u0131n Erm\u0259nistandak\u0131 s\u0259firi Abbas B\u0259d\u0259x\u015fan Z\u00fchuri jurnalistl\u0259r\u0259 verdiyi a\u00e7\u0131qlamada deyib.<\/p>\n<p>&nbsp;<\/p>\n<p>O, Gorus-Qafan yolunda Az\u0259rbaycan polisinin v\u0259 g\u00f6mr\u00fck i\u015f\u00e7il\u0259rinin \u0130randan Erm\u0259nistana ged\u0259n y\u00fck ma\u015f\u0131nlar\u0131n\u0131 saxlayaraq g\u00f6mr\u00fck r\u00fcsumu kimi pul ald\u0131\u011f\u0131n\u0131 deyib.<\/p>\n<p>&nbsp;<\/p>\n<p>S\u0259firliyin bu problemi \u0259n q\u0131sa vaxtda h\u0259ll etm\u0259k \u00fc\u00e7\u00fcn s\u0259y g\u00f6st\u0259rdiyini qeyd edib.<\/p>\n<p>&nbsp;<\/p>\n<p>Z\u00fchuri daha sonra iddia edib ki, 44 g\u00fcnl\u00fck m\u00fcharib\u0259d\u0259n sonra Az\u0259rbaycanla Erm\u0259nistan aras\u0131nda \u0259ld\u0259 edilmi\u015f raz\u0131la\u015fmaya \u0259sas\u0259n, Erm\u0259nistan\u0131n Gorus yolunun Az\u0259rbaycan \u0259razisind\u0259n ke\u00e7\u0259n iki hiss\u0259si alternativ yol tikil\u0259n\u0259 q\u0259d\u0259r n\u0259qliyyat vasit\u0259l\u0259rinin h\u0259r\u0259k\u0259tin\u0259 a\u00e7\u0131q olmal\u0131 idi.<\/p>\n<p>&nbsp;<\/p>\n<p>H\u0259r zaman qat\u0131 anti-Az\u0259rbaycan, amma erm\u0259nip\u0259r\u0259st m\u00f6vqeyi il\u0259 f\u0259rql\u0259n\u0259n s\u0259fir Abbas B\u0259d\u0259x\u015fan Z\u00fchuri Az\u0259rbaycan\u0131n qanuni olaraq \u0130ran y\u00fck ma\u015f\u0131nlar\u0131ndan g\u00f6mr\u00fck r\u00fcsumu almas\u0131ndan \u015fikay\u0259tl\u0259nib.<\/p>\n<p>&nbsp;<\/p>\n<p>Qeyd ed\u0259k ki, Az\u0259rbaycan \u0130ranla Erm\u0259nistan\u0131n ticar\u0259t \u0259laq\u0259l\u0259rin\u0259 m\u00fcdaxil\u0259 etmir. Yaln\u0131z \u0130randan Gorus-Qafan yolu il\u0259 qanunsuz olaraq Rusiya s\u00fclhm\u0259raml\u0131 q\u00fcvv\u0259l\u0259rinin m\u00fcv\u0259qq\u0259ti yerl\u0259\u015fdiyi Az\u0259rbaycan \u0259razil\u0259rin\u0259, y\u0259ni Xank\u0259ndi ba\u015fda olmaqla Qaraba\u011fda yerl\u0259\u015f\u0259n bir ne\u00e7\u0259 \u015f\u0259h\u0259r\u0259 tikinti mallar\u0131 v\u0259 \u015f\u00fcbh\u0259li y\u00fckl\u0259rin da\u015f\u0131nmas\u0131n\u0131n yolverilm\u0259z oldu\u011funu b\u0259yan edir.<\/p>\n<p>&nbsp;<\/p>\n<p>Az\u0259rbaycan d\u0259f\u0259l\u0259rl\u0259 \u0130rana diplomatik n\u0259zak\u0259tl\u0259 etiraz ets\u0259 d\u0259, bunun faydas\u0131 olmay\u0131b. N\u0259hay\u0259t Tehrana bununla ba\u011fl\u0131 etiraz notas\u0131 edilmi\u015fdi.<\/p>\n<p>&nbsp;<\/p>\n<p>\u0130ran\u0131n \u201cQafqaz.ir\u201d sayt\u0131 Z\u00fchurinin dedikl\u0259rini \u201c\u0130ran\u0131n s\u0259firinin iranl\u0131 s\u00fcr\u00fcc\u00fcl\u0259rin probleml\u0259rini h\u0259ll etm\u0259k y\u00f6n\u00fcnd\u0259 v\u0259di\u201d ba\u015fl\u0131\u011f\u0131 il\u0259 t\u0259qdim edib.<\/p>\n<p>&nbsp;<\/p>\n<p>Bir ne\u00e7\u0259 g\u00fcn bundan \u00f6nc\u0259 Az\u0259rbaycan\u0131 t\u0259hdid ed\u0259n \u018frd\u0259bilin ba\u015f axundu H\u0259s\u0259n Amoliy\u0259 tabe olan bu sayt Az\u0259rbaycanda \u015fi\u0259l\u0259rin s\u0131x\u0131\u015fd\u0131r\u0131ld\u0131\u011f\u0131n\u0131 iddia ed\u0259r\u0259k, anti-Az\u0259rbaycan x\u0259b\u0259rl\u0259ri yaymaqla tan\u0131n\u0131r.<\/p>\n<p>&nbsp;<\/p>\n<p>B\u0259s g\u00f6r\u0259s\u0259n indi m\u00fcs\u0259lman Qaraba\u011f \u0259halisini q\u0259tliam ed\u0259n erm\u0259nil\u0259r\u0259 \u0130ran y\u00fck ma\u015f\u0131nlar\u0131n\u0131n n\u0259 oldu\u011fu m\u0259lum olmayan y\u00fckl\u0259r da\u015f\u0131mas\u0131 qar\u015f\u0131s\u0131nda yaranm\u0131\u015f \u201c\u0259ng\u0259l\u201din h\u0259ll olunmas\u0131na s\u0259firin \u201cs\u00f6z verm\u0259sini\u201d h\u0259min sayt niy\u0259 bel\u0259 b\u00f6y\u00fck \u015f\u00f6vql\u0259 d\u0259rc edir?<\/p>\n<p>&nbsp;<\/p>\n<p>Oxu.az<\/p>\n","protected":false},"excerpt":{"rendered":"<p>\u201c\u0130ran Gorus b\u00f6lg\u0259sind\u0259 son d\u00f6vrl\u0259r Az\u0259rbaycan t\u0259r\u0259find\u0259n ba\u011flanan yola alternativ \u00e7\u0259kilm\u0259sini g\u00f6zl\u0259yir\u201d. &nbsp; \u201cAzad \u0130ran\u201d \u201cTelegram\u201d kanal\u0131 x\u0259b\u0259r verir ki,<\/p>\n","protected":false},"author":1,"featured_media":9596,"comment_status":"closed","ping_status":"closed","sticky":false,"template":"","format":"standard","meta":{"_jetpack_memberships_contains_paid_content":false,"footnotes":""},"categories":[29],"tags":[],"class_list":["post-9689","post","type-post","status-publish","format-standard","has-post-thumbnail","hentry","category-manset"],"aioseo_notices":[],"jetpack_featured_media_url":"https:\/\/basta2.com\/wp-content\/uploads\/2021\/09\/eyvazli-postu.jpg","jetpack_sharing_enabled":true,"_links":{"self":[{"href":"https:\/\/basta2.com\/index.php?rest_route=\/wp\/v2\/posts\/9689","targetHints":{"allow":["GET"]}}],"collection":[{"href":"https:\/\/basta2.com\/index.php?rest_route=\/wp\/v2\/posts"}],"about":[{"href":"https:\/\/basta2.com\/index.php?rest_route=\/wp\/v2\/types\/post"}],"author":[{"embeddable":true,"href":"https:\/\/basta2.com\/index.php?rest_route=\/wp\/v2\/users\/1"}],"replies":[{"embeddable":true,"href":"https:\/\/basta2.com\/index.php?rest_route=%2Fwp%2Fv2%2Fcomments&post=9689"}],"version-history":[{"count":1,"href":"https:\/\/basta2.com\/index.php?rest_route=\/wp\/v2\/posts\/9689\/revisions"}],"predecessor-version":[{"id":9690,"href":"https:\/\/basta2.com\/index.php?rest_route=\/wp\/v2\/posts\/9689\/revisions\/9690"}],"wp:featuredmedia":[{"embeddable":true,"href":"https:\/\/basta2.com\/index.php?rest_route=\/wp\/v2\/media\/9596"}],"wp:attachment":[{"href":"https:\/\/basta2.com\/index.php?rest_route=%2Fwp%2Fv2%2Fmedia&parent=9689"}],"wp:term":[{"taxonomy":"category","embeddable":true,"href":"https:\/\/basta2.com\/index.php?rest_route=%2Fwp%2Fv2%2Fcategories&post=9689"},{"taxonomy":"post_tag","embeddable":true,"href":"https:\/\/basta2.com\/index.php?rest_route=%2Fwp%2Fv2%2Ftags&post=9689"}],"curies":[{"name":"wp","href":"https:\/\/api.w.org\/{rel}","templated":true}]}}